{"id":495,"date":"2026-04-22T01:32:07","date_gmt":"2026-04-21T23:32:07","guid":{"rendered":"https:\/\/etudiant72.webuco.fr\/?p=495"},"modified":"2026-04-22T01:32:08","modified_gmt":"2026-04-21T23:32:08","slug":"un-26eme-album-en-preparation-pour-jul","status":"publish","type":"post","link":"https:\/\/etudiant72.webuco.fr\/index.php\/2026\/04\/22\/un-26eme-album-en-preparation-pour-jul\/","title":{"rendered":"Un 26\u00e8me album en pr\u00e9paration pour JUL"},"content":{"rendered":"\n<p>Le rappeur marseillais&nbsp;Jul&nbsp;s\u2019appr\u00eate \u00e0 marquer une nouvelle fois l\u2019actualit\u00e9 musicale avec la sortie de son 26e album studio, intitul\u00e9&nbsp;<em>Oubliez-moi<\/em>, pr\u00e9vue le 15 mai 2026.<\/p>\n\n\n\n<p>Fid\u00e8le \u00e0 son rythme de production impressionnant, l\u2019artiste encha\u00eene les projets et continue de nourrir une relation tr\u00e8s forte avec son public. Avec&nbsp;<em>Oubliez-moi<\/em>, il signe d\u00e9j\u00e0 son 37e projet au total, confirmant une carri\u00e8re hors norme dans le rap fran\u00e7ais.&nbsp;<\/p>\n\n\n\n<p>Pour annoncer cet album, Jul a mis\u00e9 sur une communication originale, notamment avec une vid\u00e9o teaser intrigante o\u00f9 il appara\u00eet comme \u201cdisparu\u201d, entour\u00e9 d\u2019affiches \u201cWanted\u201d. Une mise en sc\u00e8ne qui a rapidement enflamm\u00e9 les r\u00e9seaux sociaux et attis\u00e9 la curiosit\u00e9 de ses fans.&nbsp;<\/p>\n\n\n\n<p>Comme \u00e0 son habitude, le projet devrait m\u00ealer r\u00e9cits personnels et sonorit\u00e9s entra\u00eenantes, dans un style reconnaissable qui a fait son succ\u00e8s. L\u2019album est d\u00e9j\u00e0 disponible en pr\u00e9commande et sortira en parall\u00e8le de deux concerts majeurs au Stade de France, renfor\u00e7ant l\u2019\u00e9v\u00e9nement autour de cette sortie tr\u00e8s attendue.&nbsp;<\/p>\n\n\n\n<p>Avec&nbsp;<em>Oubliez-moi<\/em>, Jul confirme encore une fois sa place incontournable dans le paysage du rap fran\u00e7ais, pr\u00eat \u00e0 marquer ce printemps 2026.<\/p>\n\n\n\n<img loading=\"lazy\" decoding=\"async\" width=\"209\" height=\"241\" class=\"gb-media-0e12dac5\" alt=\"\" title=\"images\" src=\"https:\/\/etudiant72.webuco.fr\/wp-content\/uploads\/2026\/04\/images.jpeg\"\/>\n","protected":false},"excerpt":{"rendered":"<p>Le rappeur marseillais&nbsp;Jul&nbsp;s\u2019appr\u00eate \u00e0 marquer une nouvelle fois l\u2019actualit\u00e9 musicale avec la sortie de son 26e album studio, intitul\u00e9&nbsp;Oubliez-moi, pr\u00e9vue le 15 mai 2026. Fid\u00e8le \u00e0 son rythme de production impressionnant, l\u2019artiste encha\u00eene les projets et continue de nourrir une relation tr\u00e8s forte avec son public. Avec&nbsp;Oubliez-moi, il signe d\u00e9j\u00e0 son 37e projet au total, &#8230; <a title=\"Un 26\u00e8me album en pr\u00e9paration pour JUL\" class=\"read-more\" href=\"https:\/\/etudiant72.webuco.fr\/index.php\/2026\/04\/22\/un-26eme-album-en-preparation-pour-jul\/\" aria-label=\"Read more about Un 26\u00e8me album en pr\u00e9paration pour JUL\">Read more<\/a><\/p>\n","protected":false},"author":1,"featured_media":0,"comment_status":"closed","ping_status":"closed","sticky":false,"template":"","format":"standard","meta":{"footnotes":""},"categories":[1],"tags":[],"class_list":["post-495","post","type-post","status-publish","format-standard","hentry","category-non-classe"],"_links":{"self":[{"href":"https:\/\/etudiant72.webuco.fr\/index.php\/wp-json\/wp\/v2\/posts\/495","targetHints":{"allow":["GET"]}}],"collection":[{"href":"https:\/\/etudiant72.webuco.fr\/index.php\/wp-json\/wp\/v2\/posts"}],"about":[{"href":"https:\/\/etudiant72.webuco.fr\/index.php\/wp-json\/wp\/v2\/types\/post"}],"author":[{"embeddable":true,"href":"https:\/\/etudiant72.webuco.fr\/index.php\/wp-json\/wp\/v2\/users\/1"}],"replies":[{"embeddable":true,"href":"https:\/\/etudiant72.webuco.fr\/index.php\/wp-json\/wp\/v2\/comments?post=495"}],"version-history":[{"count":1,"href":"https:\/\/etudiant72.webuco.fr\/index.php\/wp-json\/wp\/v2\/posts\/495\/revisions"}],"predecessor-version":[{"id":497,"href":"https:\/\/etudiant72.webuco.fr\/index.php\/wp-json\/wp\/v2\/posts\/495\/revisions\/497"}],"wp:attachment":[{"href":"https:\/\/etudiant72.webuco.fr\/index.php\/wp-json\/wp\/v2\/media?parent=495"}],"wp:term":[{"taxonomy":"category","embeddable":true,"href":"https:\/\/etudiant72.webuco.fr\/index.php\/wp-json\/wp\/v2\/categories?post=495"},{"taxonomy":"post_tag","embeddable":true,"href":"https:\/\/etudiant72.webuco.fr\/index.php\/wp-json\/wp\/v2\/tags?post=495"}],"curies":[{"name":"wp","href":"https:\/\/api.w.org\/{rel}","templated":true}]}}