{"id":498,"date":"2026-04-22T01:34:58","date_gmt":"2026-04-21T23:34:58","guid":{"rendered":"https:\/\/etudiant72.webuco.fr\/?p=498"},"modified":"2026-04-22T01:34:59","modified_gmt":"2026-04-21T23:34:59","slug":"le-salon-international-de-lart-celebre-ses-25-ans-au-parc-chanot","status":"publish","type":"post","link":"https:\/\/etudiant72.webuco.fr\/index.php\/2026\/04\/22\/le-salon-international-de-lart-celebre-ses-25-ans-au-parc-chanot\/","title":{"rendered":"Le Salon International de l\u2019Art c\u00e9l\u00e8bre ses 25 ans au Parc Chanot"},"content":{"rendered":"\n<p><strong>Rendez-vous incontournable du printemps culturel phoc\u00e9en, le SIAC soufflera ses vingt-cinq bougies du 20 au 23 mars 2026 au Palais de l\u2019Europe, accueillant plus de 140 exposants pour une grande rencontre sans interm\u00e9diaire entre le public et la cr\u00e9ation vivante.<\/strong><\/p>\n\n\n\n<p>Le Parc Chanot s\u2019appr\u00eate \u00e0 se transformer en une immense galerie \u00e9ph\u00e9m\u00e8re de 3 000 m\u00b2. Pour sa 25\u00e8me \u00e9dition, le Salon International de l\u2019Art (SIAC) confirme son statut d\u2019\u00e9v\u00e9nement majeur dans le calendrier artistique du sud de la France. Du vendredi 20 au lundi 23 mars 2026, l\u2019\u00e9v\u00e9nement mise sur sa recette historique : rendre l\u2019art accessible en supprimant les barri\u00e8res entre les cr\u00e9ateurs et les visiteurs.<\/p>\n\n\n\n<p><strong>Un dialogue direct sans interm\u00e9diaire.<\/strong><\/p>\n\n\n\n<p>L\u2019ADN du salon repose sur une exigence particuli\u00e8re : la pr\u00e9sence physique des artistes sur leurs stands. Ici, pas de galeristes ni d\u2019interm\u00e9diaires. Les 140 professionnels attendus \u2014 peintres, sculpteurs, photographes, mosa\u00efstes ou plasticiens \u2014 d\u00e9fendent eux-m\u00eames leurs \u0153uvres. Cette approche favorise une compr\u00e9hension plus intime de la d\u00e9marche artistique et permet des acquisitions en direct, adapt\u00e9es \u00e0 tous les budgets, du n\u00e9ophyte au collectionneur averti.<\/p>\n\n\n\n<p>La diversit\u00e9 reste le ma\u00eetre-mot de cette \u00e9dition 2026. Les all\u00e9es du Palais de l\u2019Europe offriront un panorama complet de la cr\u00e9ation actuelle : de l\u2019huile \u00e0 l\u2019acrylique, en passant par le bronze, la pierre, l\u2019art num\u00e9rique ou encore l\u2019upcycling. Une place de choix sera r\u00e9serv\u00e9e \u00e0 Julie Gazounaud, laur\u00e9ate du prix du public \u00ab Cr\u00e9ation murale \u00bb 2025. L\u2019artiste, connue pour ses plong\u00e9es oniriques dans les univers marins, pr\u00e9sentera ses nouvelles cr\u00e9ations d\u00e8s l\u2019entr\u00e9e du salon.<\/p>\n\n\n\n<p><strong>Festivit\u00e9s pour un quart de si\u00e8cle.<\/strong><\/p>\n\n\n\n<p>Pour marquer ce 25\u00e8me anniversaire, l\u2019organisation a pr\u00e9vu plusieurs installations symboliques. Un g\u00e2teau d\u2019anniversaire monumental sera install\u00e9 \u00e0 l\u2019entr\u00e9e pour les photos souvenirs, tandis qu\u2019un livre d\u2019or \u00ab XXL \u00bb de pr\u00e8s de 10 m\u00e8tres de long permettra aux visiteurs de laisser une trace de leur passage \u00e0 la sortie de l\u2019exposition.<\/p>\n\n\n\n<p>Le salon lance \u00e9galement une op\u00e9ration s\u00e9duction vers la jeunesse. Pour c\u00e9l\u00e9brer cette ann\u00e9e symbolique, l\u2019entr\u00e9e sera offerte \u00e0 toutes les personnes n\u00e9es en 2001, qui f\u00eatent elles aussi leurs 25 ans cette ann\u00e9e. Sur pr\u00e9sentation d\u2019une pi\u00e8ce d\u2019identit\u00e9, ces visiteurs b\u00e9n\u00e9ficieront d\u2019un acc\u00e8s privil\u00e9gi\u00e9 \u00e0 l\u2019espace VIP.<\/p>\n\n\n\n<p><strong>Informations pratiques.<\/strong><\/p>\n\n\n\n<p>Le salon ouvrira ses portes le vendredi 20 mars de 10 heures \u00e0 22 heures, avec un vernissage pr\u00e9vu sur les stands d\u00e8s 18 heures. Les samedi 21, dimanche 22 et lundi 23 mars, l\u2019exposition sera accessible de 10 heures \u00e0 19 heures. Le tarif d\u2019entr\u00e9e est fix\u00e9 \u00e0 10 euros (7 euros en tarif r\u00e9duit), et reste gratuit pour les moins de 12 ans accompagn\u00e9s. Un espace enfants gratuit est \u00e9galement mis \u00e0 disposition pour permettre aux parents de visiter les lieux en toute s\u00e9r\u00e9nit\u00e9.<\/p>\n\n\n\n<p>Plus d\u2019informations sont disponibles sur le site officiel de l\u2019\u00e9v\u00e9nement : www.siac-marseille.com<\/p>\n\n\n\n<img loading=\"lazy\" decoding=\"async\" width=\"1752\" height=\"985\" class=\"gb-media-0ac4410d\" alt=\"\" title=\"initial-parc-chanot\" src=\"https:\/\/etudiant72.webuco.fr\/wp-content\/uploads\/2026\/04\/initial-parc-chanot.jpg\" srcset=\"https:\/\/etudiant72.webuco.fr\/wp-content\/uploads\/2026\/04\/initial-parc-chanot.jpg 1752w, https:\/\/etudiant72.webuco.fr\/wp-content\/uploads\/2026\/04\/initial-parc-chanot-300x169.jpg 300w, https:\/\/etudiant72.webuco.fr\/wp-content\/uploads\/2026\/04\/initial-parc-chanot-1024x576.jpg 1024w, https:\/\/etudiant72.webuco.fr\/wp-content\/uploads\/2026\/04\/initial-parc-chanot-768x432.jpg 768w, https:\/\/etudiant72.webuco.fr\/wp-content\/uploads\/2026\/04\/initial-parc-chanot-1536x864.jpg 1536w\" sizes=\"auto, (max-width: 1752px) 100vw, 1752px\" \/>\n","protected":false},"excerpt":{"rendered":"<p>Rendez-vous incontournable du printemps culturel phoc\u00e9en, le SIAC soufflera ses vingt-cinq bougies du 20 au 23 mars 2026 au Palais de l\u2019Europe, accueillant plus de 140 exposants pour une grande rencontre sans interm\u00e9diaire entre le public et la cr\u00e9ation vivante. Le Parc Chanot s\u2019appr\u00eate \u00e0 se transformer en une immense galerie \u00e9ph\u00e9m\u00e8re de 3 000 &#8230; <a title=\"Le Salon International de l\u2019Art c\u00e9l\u00e8bre ses 25 ans au Parc Chanot\" class=\"read-more\" href=\"https:\/\/etudiant72.webuco.fr\/index.php\/2026\/04\/22\/le-salon-international-de-lart-celebre-ses-25-ans-au-parc-chanot\/\" aria-label=\"Read more about Le Salon International de l\u2019Art c\u00e9l\u00e8bre ses 25 ans au Parc Chanot\">Read more<\/a><\/p>\n","protected":false},"author":1,"featured_media":0,"comment_status":"closed","ping_status":"closed","sticky":false,"template":"","format":"standard","meta":{"footnotes":""},"categories":[1],"tags":[],"class_list":["post-498","post","type-post","status-publish","format-standard","hentry","category-non-classe"],"_links":{"self":[{"href":"https:\/\/etudiant72.webuco.fr\/index.php\/wp-json\/wp\/v2\/posts\/498","targetHints":{"allow":["GET"]}}],"collection":[{"href":"https:\/\/etudiant72.webuco.fr\/index.php\/wp-json\/wp\/v2\/posts"}],"about":[{"href":"https:\/\/etudiant72.webuco.fr\/index.php\/wp-json\/wp\/v2\/types\/post"}],"author":[{"embeddable":true,"href":"https:\/\/etudiant72.webuco.fr\/index.php\/wp-json\/wp\/v2\/users\/1"}],"replies":[{"embeddable":true,"href":"https:\/\/etudiant72.webuco.fr\/index.php\/wp-json\/wp\/v2\/comments?post=498"}],"version-history":[{"count":1,"href":"https:\/\/etudiant72.webuco.fr\/index.php\/wp-json\/wp\/v2\/posts\/498\/revisions"}],"predecessor-version":[{"id":500,"href":"https:\/\/etudiant72.webuco.fr\/index.php\/wp-json\/wp\/v2\/posts\/498\/revisions\/500"}],"wp:attachment":[{"href":"https:\/\/etudiant72.webuco.fr\/index.php\/wp-json\/wp\/v2\/media?parent=498"}],"wp:term":[{"taxonomy":"category","embeddable":true,"href":"https:\/\/etudiant72.webuco.fr\/index.php\/wp-json\/wp\/v2\/categories?post=498"},{"taxonomy":"post_tag","embeddable":true,"href":"https:\/\/etudiant72.webuco.fr\/index.php\/wp-json\/wp\/v2\/tags?post=498"}],"curies":[{"name":"wp","href":"https:\/\/api.w.org\/{rel}","templated":true}]}}